{"id":1144,"date":"2024-05-25T19:20:23","date_gmt":"2024-05-25T16:20:23","guid":{"rendered":"https:\/\/kelkkasivut.kelkkalehti.com\/?p=1144"},"modified":"2024-05-25T19:20:26","modified_gmt":"2024-05-25T16:20:26","slug":"itavallan-super-leaguen-paiva-2-kahdenlaista-tuuria","status":"publish","type":"post","link":"https:\/\/kelkkasivut.kelkkalehti.com\/?p=1144","title":{"rendered":"It\u00e4vallan Super Leaguen p\u00e4iv\u00e4 2 &#8211; kahdenlaista tuuria"},"content":{"rendered":"\n<p>Snowcrossin Super Leaguen finaaliviikonlopun viimeiset l\u00e4hd\u00f6t ajettiin eilisen tapaan It\u00e4vallan Wildkogelin vuoristossa. Eilisen tapaan my\u00f6s t\u00e4n\u00e4\u00e4n s\u00e4\u00e4 heitteli laidasta laitaan. V\u00e4lill\u00e4 paistoi, v\u00e4lill\u00e4 satoi. Toinen asia, mik\u00e4 my\u00f6s vaihteli, oli suomalaisten kuskien onni. V\u00e4lill\u00e4 kulki hyvin, v\u00e4lill\u00e4 huonosti. Yksi p\u00e4iv\u00e4n mieleenpainuvimmista tapauksista oli potkukelkkamestaruuden jakaminen Aleksi &#8221;Allu&#8221; Rehulle. <\/p>\n\n\n\n<p><br>Otammepa ensin k\u00e4sittelyyn tapaus potkukelkan. Semifinaalin viimeisell\u00e4 kierroksella oli k\u00e4sill\u00e4 tilanne, ett\u00e4 Allun oli ment\u00e4v\u00e4 &#8221;lis\u00e4lenkille&#8221;. Lis\u00e4lenkilt\u00e4 poistuessa kelkka teki kuitenkin ten\u00e4n ja hyytyi kymmenen metri\u00e4 ennen maalia. Allun onneksi maaliviiva oli kuitenkin alam\u00e4ess\u00e4, joten ukko kelkan p\u00e4\u00e4lt\u00e4 ja pieni pukkaus, ja kelkka sek\u00e4 mies ylittiv\u00e4t maaliviivan. T\u00e4m\u00e4 riitti ja Allu p\u00e4\u00e4si finaaliin, jossa alla oli Topi Rinteen varakelkka. Kuski itse kertoi kisan j\u00e4lkeen varikolla seuraavaa:<br>&#8211; Kelkka alkoi k\u00e4yd\u00e4 yhdell\u00e4 pytyll\u00e4 jo pari kierrosta aiemmin. Ajattelin, ett\u00e4 menn\u00e4\u00e4n kaasu pohjassa niin kauan, kuin kelkka kulkee. No seh\u00e4n kulki melkein maaliin saakka. Kone on rikki ihan kunnolla. Finaalin ajoin Topin varakelkalla. Eih\u00e4n sit\u00e4 tietenk\u00e4\u00e4n uskalla kylmilt\u00e4\u00e4n kaverin kelkalla alkaa ajamaan t\u00e4ysill\u00e4. Mutta tuo Ski-Doo tuntui aivan hyv\u00e4lle. Muutaman tunnin kun tuollaisella p\u00e4\u00e4sisi treenaamaan, niin johan sill\u00e4 ajaisi, kertoi Allu palkintojen jakoseremonioiden j\u00e4lkeen, ilman, ett\u00e4 kasvoilla olisi ollut hivent\u00e4k\u00e4\u00e4n pettymyst\u00e4. Hymy ei n\u00e4ht\u00e4v\u00e4sti hyydy tiukassakaan paikassa. <\/p>\n\n\n\n<figure class=\"wp-block-image size-large\"><img loading=\"lazy\" decoding=\"async\" width=\"1024\" height=\"683\" src=\"https:\/\/kelkkasivut.kelkkalehti.com\/wp-content\/uploads\/2024\/05\/Itavalta29-1024x683.jpg\" alt=\"\" class=\"wp-image-1146\" srcset=\"https:\/\/kelkkasivut.kelkkalehti.com\/wp-content\/uploads\/2024\/05\/Itavalta29-1024x683.jpg 1024w, https:\/\/kelkkasivut.kelkkalehti.com\/wp-content\/uploads\/2024\/05\/Itavalta29-300x200.jpg 300w, https:\/\/kelkkasivut.kelkkalehti.com\/wp-content\/uploads\/2024\/05\/Itavalta29-768x512.jpg 768w, https:\/\/kelkkasivut.kelkkalehti.com\/wp-content\/uploads\/2024\/05\/Itavalta29-1536x1024.jpg 1536w, https:\/\/kelkkasivut.kelkkalehti.com\/wp-content\/uploads\/2024\/05\/Itavalta29-2048x1366.jpg 2048w, https:\/\/kelkkasivut.kelkkalehti.com\/wp-content\/uploads\/2024\/05\/Itavalta29-600x400.jpg 600w\" sizes=\"auto, (max-width: 1024px) 100vw, 1024px\" \/><\/figure>\n\n\n\n<p><br>Toinen p\u00e4iv\u00e4n ep\u00e4onnen sotureista oli eilisen voittaja Aki Pesonen. Finaalil\u00e4hd\u00f6n ensimm\u00e4isell\u00e4 kierroksella tapahtui jotain, mik\u00e4 pakotti Akin j\u00e4tt\u00e4m\u00e4\u00e4n pelin kesken ja sit\u00e4 my\u00f6t\u00e4 hylk\u00e4\u00e4m\u00e4\u00e4n my\u00f6s mahdollisuuden sarjan mestaruuteen. Kisan j\u00e4lkeen yll\u00e4tt\u00e4v\u00e4nkin v\u00e4h\u00e4n pettyneen oloinen Aki summasi tapahtumat seuraavsti:<br>&#8211; Tulin alam\u00e4en hypyt alas ja minulla oli aivan selke\u00e4 suunnitelma. N\u00e4in, kuinka Pro Litess\u00e4 joku tuli yl\u00e4m\u00e4en suoran niin, ett\u00e4 h\u00e4n haki vauhdin alam\u00e4en ulkokurvista ja triplasi pattisuoran yl\u00e4m\u00e4keen. T\u00e4m\u00e4 oli my\u00f6s minun suunnitelma. P\u00e4\u00e4tin, ett\u00e4 ved\u00e4n heti ulkokurvin kautta ja sielt\u00e4 hyv\u00e4t vauhdit. No alamutkassahan sattui kilpakumppani just pahimmoilleen ulkolinjalle ja jouduin jarruttamaan keskell\u00e4 rataa olevan patin kohdalla ja siit\u00e4 l\u00e4hdettiin. Kelkka alkoi pukata h\u00f6yry\u00e4, niin arvelin, ett\u00e4 t\u00e4m\u00e4 oli t\u00e4ss\u00e4. <br>Varikon edustalla kisan j\u00e4lkeen p\u00e4\u00e4simme katsomaan Akin kelkkaa, ja keskeytyksen syyn\u00e4 oli j\u00e4\u00e4hdytysnestes\u00e4ili\u00f6n hajoaminen. N\u00e4ht\u00e4v\u00e4sti polvi oli ottanut sen verran kovan osuman kelkkaan, ett\u00e4 heikko paikka l\u00f6ytyi melko nopeasti. <\/p>\n\n\n\n<figure class=\"wp-block-image size-large\"><img loading=\"lazy\" decoding=\"async\" width=\"1024\" height=\"683\" src=\"https:\/\/kelkkasivut.kelkkalehti.com\/wp-content\/uploads\/2024\/05\/Itavalta27-1024x683.jpg\" alt=\"\" class=\"wp-image-1147\" srcset=\"https:\/\/kelkkasivut.kelkkalehti.com\/wp-content\/uploads\/2024\/05\/Itavalta27-1024x683.jpg 1024w, https:\/\/kelkkasivut.kelkkalehti.com\/wp-content\/uploads\/2024\/05\/Itavalta27-300x200.jpg 300w, https:\/\/kelkkasivut.kelkkalehti.com\/wp-content\/uploads\/2024\/05\/Itavalta27-768x512.jpg 768w, https:\/\/kelkkasivut.kelkkalehti.com\/wp-content\/uploads\/2024\/05\/Itavalta27-1536x1024.jpg 1536w, https:\/\/kelkkasivut.kelkkalehti.com\/wp-content\/uploads\/2024\/05\/Itavalta27-2048x1366.jpg 2048w, https:\/\/kelkkasivut.kelkkalehti.com\/wp-content\/uploads\/2024\/05\/Itavalta27-600x400.jpg 600w\" sizes=\"auto, (max-width: 1024px) 100vw, 1024px\" \/><\/figure>\n\n\n\n<p><br>Pro Openin kolmen k\u00e4rjen muodostivat John Stenberg, Emil Hanson ja Robert Lunden. Koko kolmikko ja etenkin k\u00e4rkimies Stenberg ajoivat j\u00e4rk\u00e4lem\u00e4isen vahvan kisan, joten tuloksiin ei sin\u00e4ns\u00e4 j\u00e4\u00e4nyt mit\u00e4\u00e4n jossiteltavaa. <br>Pro Lite -luokassa kotimaisittain asiat meniv\u00e4t kuitenkin melko lailla k\u00e4sikirjoituksen mukaan. K\u00e4rkipaikan nappasi nimiins\u00e4 Olle Sahlstr\u00f6m, per\u00e4ss\u00e4\u00e4n nuori \u00e4ss\u00e4 Topi Rinne, joka kakkossijalla varmisti sarjan mestaruuden. Rinteen kausi on ollut suorastaan ilmi\u00f6m\u00e4inen. Ensin Pro Liten SM-titteli ja per\u00e4\u00e4n Super Leaguen Pro Liten mestaruus. Mutta paljoa t\u00e4m\u00e4n varjoon ei j\u00e4\u00e4 Leevi Puustisenkaan suoritukset, sill\u00e4 h\u00e4nen kolmas sija finaalissa varmisti Super Leaguen Pro Liten pronssisijan kokonaispisteiss\u00e4. <\/p>\n\n\n\n<figure class=\"wp-block-image size-large\"><img loading=\"lazy\" decoding=\"async\" width=\"1024\" height=\"683\" src=\"https:\/\/kelkkasivut.kelkkalehti.com\/wp-content\/uploads\/2024\/05\/Itavalta25-1024x683.jpg\" alt=\"\" class=\"wp-image-1148\" srcset=\"https:\/\/kelkkasivut.kelkkalehti.com\/wp-content\/uploads\/2024\/05\/Itavalta25-1024x683.jpg 1024w, https:\/\/kelkkasivut.kelkkalehti.com\/wp-content\/uploads\/2024\/05\/Itavalta25-300x200.jpg 300w, https:\/\/kelkkasivut.kelkkalehti.com\/wp-content\/uploads\/2024\/05\/Itavalta25-768x512.jpg 768w, https:\/\/kelkkasivut.kelkkalehti.com\/wp-content\/uploads\/2024\/05\/Itavalta25-1536x1024.jpg 1536w, https:\/\/kelkkasivut.kelkkalehti.com\/wp-content\/uploads\/2024\/05\/Itavalta25-2048x1366.jpg 2048w, https:\/\/kelkkasivut.kelkkalehti.com\/wp-content\/uploads\/2024\/05\/Itavalta25-600x400.jpg 600w\" sizes=\"auto, (max-width: 1024px) 100vw, 1024px\" \/><\/figure>\n\n\n\n<p><br>Naisten luokan finaalissa piikkipaikan vei jo tuttuun tapaan Wilma Jonsson, jonka ajo on aina tasavavahvaa eik\u00e4 virheit\u00e4 juurikaan n\u00e4hd\u00e4, ainakaan radalla. Kakkoseksi ylsi Saga Forsell, jolla oli aavistuksen heikon l\u00e4hd\u00f6n j\u00e4lkeen j\u00e4lleen ihan t\u00e4ysi ty\u00f6 ajaa k\u00e4rki kiinni. Kolmanneksi ajoi nuori yhdysvaltalainen Cerissa Blessum. Naisten luokan ep\u00e4onnen soturi t\u00e4ll\u00e4 kertaa oli Victoria Laine. Hyv\u00e4n startin j\u00e4lkeen Victoria ajoi vahvaa suoritusta sijalla kolme, kunnes lis\u00e4lenkin ulostulossa tapahtui jotain, mink\u00e4 seurauksena Victoria ajautui ulos ratapenkalta ja hyv\u00e4t sijoitukset jouduttiin hylk\u00e4\u00e4m\u00e4\u00e4n siihen. <\/p>\n\n\n\n<figure class=\"wp-block-image size-large\"><img loading=\"lazy\" decoding=\"async\" width=\"1024\" height=\"683\" src=\"https:\/\/kelkkasivut.kelkkalehti.com\/wp-content\/uploads\/2024\/05\/Itavalta23-1024x683.jpg\" alt=\"\" class=\"wp-image-1149\" srcset=\"https:\/\/kelkkasivut.kelkkalehti.com\/wp-content\/uploads\/2024\/05\/Itavalta23-1024x683.jpg 1024w, https:\/\/kelkkasivut.kelkkalehti.com\/wp-content\/uploads\/2024\/05\/Itavalta23-300x200.jpg 300w, https:\/\/kelkkasivut.kelkkalehti.com\/wp-content\/uploads\/2024\/05\/Itavalta23-768x512.jpg 768w, https:\/\/kelkkasivut.kelkkalehti.com\/wp-content\/uploads\/2024\/05\/Itavalta23-1536x1024.jpg 1536w, https:\/\/kelkkasivut.kelkkalehti.com\/wp-content\/uploads\/2024\/05\/Itavalta23-2048x1366.jpg 2048w, https:\/\/kelkkasivut.kelkkalehti.com\/wp-content\/uploads\/2024\/05\/Itavalta23-600x400.jpg 600w\" sizes=\"auto, (max-width: 1024px) 100vw, 1024px\" \/><\/figure>\n\n\n\n<figure class=\"wp-block-gallery has-nested-images columns-default is-cropped wp-block-gallery-1 is-layout-flex wp-block-gallery-is-layout-flex\">\n<figure class=\"wp-block-image\"><img decoding=\"async\" src=\"blob:https:\/\/kelkkasivut.kelkkalehti.com\/09508ca1-cfaa-4199-8ec3-83774bda5f75\" alt=\"\"\/><\/figure>\n<\/figure>\n\n\n\n<p><br>Super Leaguen kausi 2024 sai arvoisensa p\u00e4\u00e4t\u00f6ksen. Tapahtumapaikalle oli t\u00e4n\u00e4\u00e4n saapunut verrattain suuri yleis\u00f6, joka p\u00e4\u00e4si nauttimaan t\u00e4k\u00e4l\u00e4isitt\u00e4n jopa harvinaisesta kisamuodosta \u00e4\u00e4rimm\u00e4isen vauhdikkaalla radalla. <br>Lis\u00e4kuvia julkaistaan my\u00f6hemmin. Vinkki kuskeille: jos haluatte kuvia k\u00e4ytt\u00f6\u00f6nne, niin laittakaa viesti\u00e4 vaikkapa Instagramissa (@kelkkalehti)!<br><br><br><\/p>\n","protected":false},"excerpt":{"rendered":"<p>Snowcrossin Super Leaguen finaaliviikonlopun viimeiset l\u00e4hd\u00f6t ajettiin eilisen tapaan It\u00e4vallan Wildkogelin vuoristossa. Eilisen tapaan my\u00f6s t\u00e4n\u00e4\u00e4n s\u00e4\u00e4 heitteli laidasta laitaan.<\/p>\n","protected":false},"author":2,"featured_media":1145,"comment_status":"closed","ping_status":"open","sticky":false,"template":"","format":"standard","meta":{"colormag_page_container_layout":"default_layout","colormag_page_sidebar_layout":"default_layout","footnotes":""},"categories":[15,6],"tags":[],"class_list":["post-1144","post","type-post","status-publish","format-standard","has-post-thumbnail","hentry","category-kisat","category-featured"],"_links":{"self":[{"href":"https:\/\/kelkkasivut.kelkkalehti.com\/index.php?rest_route=\/wp\/v2\/posts\/1144","targetHints":{"allow":["GET"]}}],"collection":[{"href":"https:\/\/kelkkasivut.kelkkalehti.com\/index.php?rest_route=\/wp\/v2\/posts"}],"about":[{"href":"https:\/\/kelkkasivut.kelkkalehti.com\/index.php?rest_route=\/wp\/v2\/types\/post"}],"author":[{"embeddable":true,"href":"https:\/\/kelkkasivut.kelkkalehti.com\/index.php?rest_route=\/wp\/v2\/users\/2"}],"replies":[{"embeddable":true,"href":"https:\/\/kelkkasivut.kelkkalehti.com\/index.php?rest_route=%2Fwp%2Fv2%2Fcomments&post=1144"}],"version-history":[{"count":2,"href":"https:\/\/kelkkasivut.kelkkalehti.com\/index.php?rest_route=\/wp\/v2\/posts\/1144\/revisions"}],"predecessor-version":[{"id":1152,"href":"https:\/\/kelkkasivut.kelkkalehti.com\/index.php?rest_route=\/wp\/v2\/posts\/1144\/revisions\/1152"}],"wp:featuredmedia":[{"embeddable":true,"href":"https:\/\/kelkkasivut.kelkkalehti.com\/index.php?rest_route=\/wp\/v2\/media\/1145"}],"wp:attachment":[{"href":"https:\/\/kelkkasivut.kelkkalehti.com\/index.php?rest_route=%2Fwp%2Fv2%2Fmedia&parent=1144"}],"wp:term":[{"taxonomy":"category","embeddable":true,"href":"https:\/\/kelkkasivut.kelkkalehti.com\/index.php?rest_route=%2Fwp%2Fv2%2Fcategories&post=1144"},{"taxonomy":"post_tag","embeddable":true,"href":"https:\/\/kelkkasivut.kelkkalehti.com\/index.php?rest_route=%2Fwp%2Fv2%2Ftags&post=1144"}],"curies":[{"name":"wp","href":"https:\/\/api.w.org\/{rel}","templated":true}]}}